{"id":117,"date":"2013-09-16T18:49:48","date_gmt":"2013-09-16T16:49:48","guid":{"rendered":"http:\/\/historiallinenyhdistys.fi\/?p=117"},"modified":"2016-09-16T20:14:38","modified_gmt":"2016-09-16T18:14:38","slug":"historiallisia-papereita-1-pyhat-ja-pahat-keskiajalla","status":"publish","type":"post","link":"https:\/\/historiallinenyhdistys.fi\/?p=117","title":{"rendered":"Historiallisia Papereita 1: Pyh\u00e4t ja pahat keskiajalla"},"content":{"rendered":"<p><strong>Historiallisia Papereita 1: Pyh\u00e4t ja pahat keskiajalla<\/strong><\/p>\n<p>ISSN 1456\u20138055<\/p>\n<p><em>Klikkaamalla p\u00e4\u00e4set lukemaan.<\/em><\/p>\n<p><a href=\"http:\/\/historiallinenyhdistys.fi\/?p=126\">Tuomas Heikkil\u00e4: Urbi et orbi \u2013 maineen levi(tt\u00e4)minen tuhat vuotta sitten<\/a><\/p>\n<p><a href=\"http:\/\/historiallinenyhdistys.fi\/?p=131\">Katja Ritari: Ihmeet irlantilaisten pyhimysten maineen luojina<\/a><\/p>\n<p><a href=\"http:\/\/historiallinenyhdistys.fi\/?p=135\">Samu Niskanen: Anselm Canterburylaisen (1033\u20131109) pyhimysmaineen luominen<\/a><\/p>\n<p><a href=\"http:\/\/historiallinenyhdistys.fi\/?p=139\">P\u00e4ivi Salmesvuori: Hildegard Bingenil\u00e4isen l\u00e4pimurto Euroopan kuuluisimmaksi naiseksi v. 1148<\/a><\/p>\n<p><a href=\"http:\/\/historiallinenyhdistys.fi\/?p=142\">Mikko Piippo: Historia, memoria ja fama my\u00f6h\u00e4iskeskiajalla<\/a><\/p>\n<p><a href=\"http:\/\/historiallinenyhdistys.fi\/?p=146\">Meri Heinonen: Heinrich Suso ja munkin maine<\/a><\/p>\n<p><a href=\"http:\/\/historiallinenyhdistys.fi\/?p=149\">Elina Screen: Huonon maineen hankkiminen varhaiskeskiajalla: Lothar I:n tapaus<\/a><\/p>\n<p><em>P\u00e4ivitetty valmiiksi 31.7. 1999, siirretty nykyiseen osoitteeseen ja sivutaittoon kes\u00e4kuussa 2003 muuttamatta tekstien sis\u00e4lt\u00f6\u00e4.<\/em><\/p>\n<p>Historiallisia Papereita -verkkojulkaisusarjan vastaavana toimittajana vuonna 1999 toimi Holger Weiss ja toimittajana Jouko Nurmiainen.<\/p>\n","protected":false},"excerpt":{"rendered":"<p>Historiallisia Papereita 1: Pyh\u00e4t ja pahat keskiajalla ISSN 1456\u20138055 Klikkaamalla p\u00e4\u00e4set lukemaan. Tuomas Heikkil\u00e4: Urbi et orbi \u2013 maineen levi(tt\u00e4)minen tuhat vuotta sitten Katja Ritari: Ihmeet irlantilaisten pyhimysten maineen luojina Samu Niskanen: Anselm Canterburylaisen (1033\u20131109) pyhimysmaineen luominen P\u00e4ivi Salmesvuori: Hildegard Bingenil\u00e4isen l\u00e4pimurto Euroopan kuuluisimmaksi naiseksi v. 1148 Mikko Piippo: Historia, &hellip; <a class=\"readmore\" href=\"https:\/\/historiallinenyhdistys.fi\/?p=117\">Jatka lukemista<\/a><\/p>\n","protected":false},"author":1,"featured_media":0,"comment_status":"closed","ping_status":"closed","sticky":false,"template":"","format":"standard","meta":{"footnotes":""},"categories":[5],"tags":[35,27,30,28,34,33,32,31,29],"class_list":["post-117","post","type-post","status-publish","format-standard","hentry","category-julkaisut","tag-elina-screen","tag-historiallisia-papereita","tag-katja-ritari","tag-keskiaika","tag-meri-heinonen","tag-mikko-piippo","tag-paiva-salmesvuori","tag-samu-niskanen","tag-tuomas-heikkila"],"_links":{"self":[{"href":"https:\/\/historiallinenyhdistys.fi\/index.php?rest_route=\/wp\/v2\/posts\/117","targetHints":{"allow":["GET"]}}],"collection":[{"href":"https:\/\/historiallinenyhdistys.fi\/index.php?rest_route=\/wp\/v2\/posts"}],"about":[{"href":"https:\/\/historiallinenyhdistys.fi\/index.php?rest_route=\/wp\/v2\/types\/post"}],"author":[{"embeddable":true,"href":"https:\/\/historiallinenyhdistys.fi\/index.php?rest_route=\/wp\/v2\/users\/1"}],"replies":[{"embeddable":true,"href":"https:\/\/historiallinenyhdistys.fi\/index.php?rest_route=%2Fwp%2Fv2%2Fcomments&post=117"}],"version-history":[{"count":9,"href":"https:\/\/historiallinenyhdistys.fi\/index.php?rest_route=\/wp\/v2\/posts\/117\/revisions"}],"predecessor-version":[{"id":151,"href":"https:\/\/historiallinenyhdistys.fi\/index.php?rest_route=\/wp\/v2\/posts\/117\/revisions\/151"}],"wp:attachment":[{"href":"https:\/\/historiallinenyhdistys.fi\/index.php?rest_route=%2Fwp%2Fv2%2Fmedia&parent=117"}],"wp:term":[{"taxonomy":"category","embeddable":true,"href":"https:\/\/historiallinenyhdistys.fi\/index.php?rest_route=%2Fwp%2Fv2%2Fcategories&post=117"},{"taxonomy":"post_tag","embeddable":true,"href":"https:\/\/historiallinenyhdistys.fi\/index.php?rest_route=%2Fwp%2Fv2%2Ftags&post=117"}],"curies":[{"name":"wp","href":"https:\/\/api.w.org\/{rel}","templated":true}]}}