{"id":173,"date":"2017-02-21T13:05:19","date_gmt":"2017-02-21T11:05:19","guid":{"rendered":"http:\/\/historiallinenyhdistys.fi\/?p=173"},"modified":"2017-02-21T13:11:53","modified_gmt":"2017-02-21T11:11:53","slug":"vuoden-1917-tapahtumista-seminaari-7-3","status":"publish","type":"post","link":"https:\/\/historiallinenyhdistys.fi\/?p=173","title":{"rendered":"Vuoden 1917 tapahtumista seminaari 7.3."},"content":{"rendered":"<p><strong>Vallankumouksista itsen\u00e4isyyteen: vuoden 1917 tapahtumat Suomessa ja Ven\u00e4j\u00e4ll\u00e4<\/strong><\/p>\n<p>Suomi-Ven\u00e4j\u00e4 seuran Ven\u00e4j\u00e4n historian osasto j\u00e4rjest\u00e4\u00e4 7.3.2017 yhteisty\u00f6ss\u00e4 Historiallisen Yhdistyksen ja Suomen Historiallisen Seuran kanssa Suomi 100 -juhlavuoden ohjelmaan liittyv\u00e4n seminaarin <em>Vallankumouksista itsen\u00e4isyyteen: vuoden 1917 tapahtumat Suomessa ja Ven\u00e4j\u00e4ll\u00e4. \u00a0<\/em><\/p>\n<p><strong>Tieteiden talo, Kirkkokatu 6, sali 104, klo 16-20.<\/strong><\/p>\n<p>Tilaisuuteen on vapaa p\u00e4\u00e4sy, tervetuloa!<\/p>\n<p><em>Ohjelma<\/em>:<\/p>\n<p>Klo 16 Tilaisuuden avaus, Ven\u00e4j\u00e4n historian osaston puheenjohtaja Kristiina Kalleinen<\/p>\n<p>16.05 &#8211; 16.35\u00a0 Avausesitelm\u00e4 emer.prof. Max Engman, Kuinka keisarikunta puretaan?<\/p>\n<p>16.35 &#8211; 17.00 Ven\u00e4j\u00e4n Tiedeakatemian Pietarin Historian Instituutin johtava tutkija \u00a0Vladimir Tshernjaev, \u0420\u0435\u0432\u043e\u043b\u044e\u0446\u0438\u044f 1917 \u0433\u043e\u0434\u0430: \u043a\u0440\u0443\u0448\u0435\u043d\u0438\u0435 \u0434\u0435\u043c\u043e\u043a\u0440\u0430\u0442\u0438\u0447\u0435\u0441\u043a\u043e\u0439 \u0430\u043b\u044c\u0442\u0435\u0440\u043d\u0430\u0442\u0438\u0432\u044b \u0432 \u0420\u043e\u0441\u0441\u0438\u0438 \u0438 \u0424\u0438\u043d\u043b\u044f\u043d\u0434\u0438\u044f (Vuoden 1917 vallankumous: demokraattisen vaihtoehdon romahdus Ven\u00e4j\u00e4ll\u00e4 ja Suomessa), esitelm\u00e4n tulkkaa suomeksi k\u00e4\u00e4nt\u00e4j\u00e4 Toivo Tupin.<\/p>\n<p>17.10 &#8211; 17.40\u00a0 Dos. Eino Ketola, Sosialidemokraatit ja Suomen itsen\u00e4isyys<\/p>\n<p>17.40 \u2013 18.00 kahvitauko<\/p>\n<p>18.00 &#8211; 18.20 Prof. Matti Lackman, Kullervo Mannerin k\u00e4sityksen muuttuminen Suomen valtiollisesta ja kansainv\u00e4lisest\u00e4 asemasta<\/p>\n<p>18.30 \u2013 18.50 Prof. Martti H\u00e4iki\u00f6, P. E. Svinhufvud itsen\u00e4isyysmiehen\u00e4<\/p>\n<p>19.00 \u00a0\u2013 19.30 Ven\u00e4j\u00e4n Tiedeakatemian Petroskoin historian instituutin vanhempi tutkija Jelena Dubrovskaja, \u0420\u043e\u0441\u0441\u0438\u0439\u0441\u043a\u0438\u0435 \u0432\u043e\u0435\u043d\u043d\u044b\u0435 \u0432 \u0424\u0438\u043d\u043b\u044f\u043d\u0434\u0438\u0438 \u0438 \u0424\u0435\u0432\u0440\u0430\u043b\u044c\u0441\u043a\u0430\u044f \u0440\u0435\u0432\u043e\u043b\u044e\u0446\u0438\u044f 1917 \u0433\u043e\u0434\u0430, (Ven\u00e4l\u00e4iset sotilaat Suomessa ja Helmikuun 1917 vallankumous), esitelm\u00e4n tulkkaa suomeksi k\u00e4\u00e4nt\u00e4j\u00e4 Toivo Tupin.<\/p>\n<p>19.30 &#8211; 20 Keskustelu ja seminaarin p\u00e4\u00e4tt\u00e4minen. Keskustelua johtaa Historiallisen Yhdistyksen varapuheenjohtaja Ville Vuorensola.<\/p>\n<p><em>Huom! Maaliskuun alussa ilmestyy prof. Matti Lackmanin el\u00e4m\u00e4kerta Kullervo Mannerista (\u201dKumouksellisen muotokuva\u201d, kustantamo Amanita) sek\u00e4 professori Martti H\u00e4iki\u00f6n el\u00e4m\u00e4kerta P. E. Svinhufvudista (\u201dSuomen Leijona\u201d. kustantamo Docendo).<\/em><\/p>\n<p>&nbsp;<\/p>\n<p>&nbsp;<\/p>\n","protected":false},"excerpt":{"rendered":"<p>Vallankumouksista itsen\u00e4isyyteen: vuoden 1917 tapahtumat Suomessa ja Ven\u00e4j\u00e4ll\u00e4 Suomi-Ven\u00e4j\u00e4 seuran Ven\u00e4j\u00e4n historian osasto j\u00e4rjest\u00e4\u00e4 7.3.2017 yhteisty\u00f6ss\u00e4 Historiallisen Yhdistyksen ja Suomen Historiallisen Seuran kanssa Suomi 100 -juhlavuoden ohjelmaan liittyv\u00e4n seminaarin Vallankumouksista itsen\u00e4isyyteen: vuoden 1917 tapahtumat Suomessa ja Ven\u00e4j\u00e4ll\u00e4. \u00a0 Tieteiden talo, Kirkkokatu 6, sali 104, klo 16-20. Tilaisuuteen on vapaa p\u00e4\u00e4sy, &hellip; <a class=\"readmore\" href=\"https:\/\/historiallinenyhdistys.fi\/?p=173\">Jatka lukemista<\/a><\/p>\n","protected":false},"author":1,"featured_media":0,"comment_status":"closed","ping_status":"closed","sticky":false,"template":"","format":"standard","meta":{"footnotes":""},"categories":[3,6],"tags":[50,39,43,51,52],"class_list":["post-173","post","type-post","status-publish","format-standard","hentry","category-tapahtumat","category-tiedotteet","tag-50","tag-historia","tag-seminaari","tag-suomi-100","tag-venaja"],"_links":{"self":[{"href":"https:\/\/historiallinenyhdistys.fi\/index.php?rest_route=\/wp\/v2\/posts\/173","targetHints":{"allow":["GET"]}}],"collection":[{"href":"https:\/\/historiallinenyhdistys.fi\/index.php?rest_route=\/wp\/v2\/posts"}],"about":[{"href":"https:\/\/historiallinenyhdistys.fi\/index.php?rest_route=\/wp\/v2\/types\/post"}],"author":[{"embeddable":true,"href":"https:\/\/historiallinenyhdistys.fi\/index.php?rest_route=\/wp\/v2\/users\/1"}],"replies":[{"embeddable":true,"href":"https:\/\/historiallinenyhdistys.fi\/index.php?rest_route=%2Fwp%2Fv2%2Fcomments&post=173"}],"version-history":[{"count":2,"href":"https:\/\/historiallinenyhdistys.fi\/index.php?rest_route=\/wp\/v2\/posts\/173\/revisions"}],"predecessor-version":[{"id":175,"href":"https:\/\/historiallinenyhdistys.fi\/index.php?rest_route=\/wp\/v2\/posts\/173\/revisions\/175"}],"wp:attachment":[{"href":"https:\/\/historiallinenyhdistys.fi\/index.php?rest_route=%2Fwp%2Fv2%2Fmedia&parent=173"}],"wp:term":[{"taxonomy":"category","embeddable":true,"href":"https:\/\/historiallinenyhdistys.fi\/index.php?rest_route=%2Fwp%2Fv2%2Fcategories&post=173"},{"taxonomy":"post_tag","embeddable":true,"href":"https:\/\/historiallinenyhdistys.fi\/index.php?rest_route=%2Fwp%2Fv2%2Ftags&post=173"}],"curies":[{"name":"wp","href":"https:\/\/api.w.org\/{rel}","templated":true}]}}