{"id":221,"date":"2018-03-08T01:38:39","date_gmt":"2018-03-07T23:38:39","guid":{"rendered":"http:\/\/historiallinenyhdistys.fi\/?p=221"},"modified":"2018-03-08T01:38:39","modified_gmt":"2018-03-07T23:38:39","slug":"etsinnassa-puheenvuoroja-kirjaesittelyja-tai-opinnaytetoita-suomi-1918-seminaariin","status":"publish","type":"post","link":"https:\/\/historiallinenyhdistys.fi\/?p=221","title":{"rendered":"Etsinn\u00e4ss\u00e4 puheenvuoroja, kirjaesittelyj\u00e4 tai opinn\u00e4ytet\u00f6it\u00e4 Suomi 1918 -seminaariin"},"content":{"rendered":"<p>Historiallinen Yhdistys j\u00e4rjest\u00e4\u00e4 5.4.2018 klo 16-20 seminaarin vuoden 1918 tapahtumista, taustoista ja seurauksista.<\/p>\n<p>Etsimme puheenvuoroja, kirjaesittelyj\u00e4 sek\u00e4 seminaari- tai v\u00e4it\u00f6skirjat\u00f6it\u00e4 esitelt\u00e4v\u00e4ksi seminaarissa. Olisitko juuri sin\u00e4 kiinnostunut esittelem\u00e4\u00e4n vuoteen 1918 liittyv\u00e4\u00e4 aihettasi? Tai tunnetko sopivan aihetta tutkineen henkil\u00f6n? Ota yhteytt\u00e4!<\/p>\n<p>Puheenvuorojen kesto <strong>45min<\/strong>. Historiallisen Yhdistyksen varapuheenjohtaja HuK Ville Vuorensola toimii tilaisuuden moderaattorina. Historiallinen Yhdistys tarjoaa kaikille osallistujille kahvit. Yhdistys korvaa my\u00f6s puheen\/esitelmien pit\u00e4jille 50\u20ac puhujapalkkion ja matkakulut halvimman kulkuneuvon mukaan.<\/p>\n<p>Tilaisuus on tarkoitettu Historiallisen Yhdistyksen j\u00e4senille, sek\u00e4 Helsingin yliopiston historian oppiaineiden opiskelijoille ja muille aiheesta kiinnostuneille.<\/p>\n<p>Lis\u00e4tiedot ja puhujaehdotukset Historiallisen Yhdistyksen sihteerille, <a href=\"mailto:Kaisa-Leena.Rahikka@helsinki.fi\">Kaisa-Leena.Rahikka@helsinki.fi<\/a> 11.3.2018 menness\u00e4<\/p>\n<p>&nbsp;<\/p>\n","protected":false},"excerpt":{"rendered":"<p>Historiallinen Yhdistys j\u00e4rjest\u00e4\u00e4 5.4.2018 klo 16-20 seminaarin vuoden 1918 tapahtumista, taustoista ja seurauksista. Etsimme puheenvuoroja, kirjaesittelyj\u00e4 sek\u00e4 seminaari- tai v\u00e4it\u00f6skirjat\u00f6it\u00e4 esitelt\u00e4v\u00e4ksi seminaarissa. Olisitko juuri sin\u00e4 kiinnostunut esittelem\u00e4\u00e4n vuoteen 1918 liittyv\u00e4\u00e4 aihettasi? Tai tunnetko sopivan aihetta tutkineen henkil\u00f6n? Ota yhteytt\u00e4! Puheenvuorojen kesto 45min. Historiallisen Yhdistyksen varapuheenjohtaja HuK Ville Vuorensola toimii tilaisuuden &hellip; <a class=\"readmore\" href=\"https:\/\/historiallinenyhdistys.fi\/?p=221\">Jatka lukemista<\/a><\/p>\n","protected":false},"author":1,"featured_media":0,"comment_status":"closed","ping_status":"closed","sticky":false,"template":"","format":"standard","meta":{"footnotes":""},"categories":[3,6],"tags":[],"class_list":["post-221","post","type-post","status-publish","format-standard","hentry","category-tapahtumat","category-tiedotteet"],"_links":{"self":[{"href":"https:\/\/historiallinenyhdistys.fi\/index.php?rest_route=\/wp\/v2\/posts\/221","targetHints":{"allow":["GET"]}}],"collection":[{"href":"https:\/\/historiallinenyhdistys.fi\/index.php?rest_route=\/wp\/v2\/posts"}],"about":[{"href":"https:\/\/historiallinenyhdistys.fi\/index.php?rest_route=\/wp\/v2\/types\/post"}],"author":[{"embeddable":true,"href":"https:\/\/historiallinenyhdistys.fi\/index.php?rest_route=\/wp\/v2\/users\/1"}],"replies":[{"embeddable":true,"href":"https:\/\/historiallinenyhdistys.fi\/index.php?rest_route=%2Fwp%2Fv2%2Fcomments&post=221"}],"version-history":[{"count":1,"href":"https:\/\/historiallinenyhdistys.fi\/index.php?rest_route=\/wp\/v2\/posts\/221\/revisions"}],"predecessor-version":[{"id":222,"href":"https:\/\/historiallinenyhdistys.fi\/index.php?rest_route=\/wp\/v2\/posts\/221\/revisions\/222"}],"wp:attachment":[{"href":"https:\/\/historiallinenyhdistys.fi\/index.php?rest_route=%2Fwp%2Fv2%2Fmedia&parent=221"}],"wp:term":[{"taxonomy":"category","embeddable":true,"href":"https:\/\/historiallinenyhdistys.fi\/index.php?rest_route=%2Fwp%2Fv2%2Fcategories&post=221"},{"taxonomy":"post_tag","embeddable":true,"href":"https:\/\/historiallinenyhdistys.fi\/index.php?rest_route=%2Fwp%2Fv2%2Ftags&post=221"}],"curies":[{"name":"wp","href":"https:\/\/api.w.org\/{rel}","templated":true}]}}