{"id":224,"date":"2018-03-14T12:04:46","date_gmt":"2018-03-14T10:04:46","guid":{"rendered":"http:\/\/historiallinenyhdistys.fi\/?p=224"},"modified":"2018-04-03T19:13:57","modified_gmt":"2018-04-03T17:13:57","slug":"seminaari-suomi-vuonna-1918-torstaina-5-4-klo-16-20-kahvitarjoilu","status":"publish","type":"post","link":"https:\/\/historiallinenyhdistys.fi\/?p=224","title":{"rendered":"Seminaari &#8220;Suomi vuonna 1918&#8221; torstaina 5.4. klo 16-20 &#8211; kahvitarjoilu"},"content":{"rendered":"<p>Tervetuloa Historiallisen Yhdistyksen seminaariin &#8220;Suomi vuonna 1918&#8221;.<\/p>\n<p>Seminaari pidet\u00e4\u00e4n Tieteiden talolla (Kirkkokatu 6) salissa 309 torstaina 5. huhtikuuta klo 16-20.<\/p>\n<p>Ohjelma:<br \/>\n16.15 Aloitussanat<br \/>\n16.30-17.15 Fil. yo. Sanna Rantahalvari: Luja hallitsija ja kyvyk\u00e4s prinssi \u2013 Monarkistinen argumentaatio Suomessa 1918<br \/>\n17.15- 17.40 Kahvitarjoilu<br \/>\n17.40- 18.25 FT Juho Kotakallio: Brittiedustajat punaisten ja valkoisten sek\u00e4 muiden vehkeilij\u00f6iden ja vakoilijoiden keskell\u00e4 Suomessa 1918<br \/>\n18.30-19.15 FT, yliopistonlehtori Risto Marjomaa: Sirpalevaltio periferiassa &#8211; Suomen itsen\u00e4istyminen muiden silmin<br \/>\n19.15-19.30 Tilaisuuden p\u00e4\u00e4tt\u00e4minen<\/p>\n<p>Seminaariin on vapaa p\u00e4\u00e4sy.<\/p>\n<p>Historiallinen Yhdistys tarjoaa kaikille osallistujille kahvit.<\/p>\n<p>&nbsp;<\/p>\n<p>Lis\u00e4tietoja esitelmist\u00e4 tapahtuman Facebook-sivulla: https:\/\/www.facebook.com\/events\/161759247820132\/<\/p>\n<p>Tervetuloa!<\/p>\n","protected":false},"excerpt":{"rendered":"<p>Tervetuloa Historiallisen Yhdistyksen seminaariin &#8220;Suomi vuonna 1918&#8221;. Seminaari pidet\u00e4\u00e4n Tieteiden talolla (Kirkkokatu 6) salissa 309 torstaina 5. huhtikuuta klo 16-20. Ohjelma: 16.15 Aloitussanat 16.30-17.15 Fil. yo. Sanna Rantahalvari: Luja hallitsija ja kyvyk\u00e4s prinssi \u2013 Monarkistinen argumentaatio Suomessa 1918 17.15- 17.40 Kahvitarjoilu 17.40- 18.25 FT Juho Kotakallio: Brittiedustajat punaisten ja valkoisten &hellip; <a class=\"readmore\" href=\"https:\/\/historiallinenyhdistys.fi\/?p=224\">Jatka lukemista<\/a><\/p>\n","protected":false},"author":1,"featured_media":0,"comment_status":"closed","ping_status":"closed","sticky":false,"template":"","format":"standard","meta":{"footnotes":""},"categories":[3,6],"tags":[64,39,43,65,66],"class_list":["post-224","post","type-post","status-publish","format-standard","hentry","category-tapahtumat","category-tiedotteet","tag-64","tag-historia","tag-seminaari","tag-sisallissota","tag-suomi"],"_links":{"self":[{"href":"https:\/\/historiallinenyhdistys.fi\/index.php?rest_route=\/wp\/v2\/posts\/224","targetHints":{"allow":["GET"]}}],"collection":[{"href":"https:\/\/historiallinenyhdistys.fi\/index.php?rest_route=\/wp\/v2\/posts"}],"about":[{"href":"https:\/\/historiallinenyhdistys.fi\/index.php?rest_route=\/wp\/v2\/types\/post"}],"author":[{"embeddable":true,"href":"https:\/\/historiallinenyhdistys.fi\/index.php?rest_route=\/wp\/v2\/users\/1"}],"replies":[{"embeddable":true,"href":"https:\/\/historiallinenyhdistys.fi\/index.php?rest_route=%2Fwp%2Fv2%2Fcomments&post=224"}],"version-history":[{"count":4,"href":"https:\/\/historiallinenyhdistys.fi\/index.php?rest_route=\/wp\/v2\/posts\/224\/revisions"}],"predecessor-version":[{"id":233,"href":"https:\/\/historiallinenyhdistys.fi\/index.php?rest_route=\/wp\/v2\/posts\/224\/revisions\/233"}],"wp:attachment":[{"href":"https:\/\/historiallinenyhdistys.fi\/index.php?rest_route=%2Fwp%2Fv2%2Fmedia&parent=224"}],"wp:term":[{"taxonomy":"category","embeddable":true,"href":"https:\/\/historiallinenyhdistys.fi\/index.php?rest_route=%2Fwp%2Fv2%2Fcategories&post=224"},{"taxonomy":"post_tag","embeddable":true,"href":"https:\/\/historiallinenyhdistys.fi\/index.php?rest_route=%2Fwp%2Fv2%2Ftags&post=224"}],"curies":[{"name":"wp","href":"https:\/\/api.w.org\/{rel}","templated":true}]}}